{"id":1351,"date":"2026-01-21T14:21:22","date_gmt":"2026-01-21T13:21:22","guid":{"rendered":"https:\/\/www.nsscev.de\/1\/?p=1351"},"modified":"2026-01-21T14:35:24","modified_gmt":"2026-01-21T13:35:24","slug":"gute-stimmung-beim-heckenfest-des-nssc","status":"publish","type":"post","link":"https:\/\/www.nsscev.de\/1\/2026\/01\/21\/gute-stimmung-beim-heckenfest-des-nssc\/","title":{"rendered":"Gute Stimmung beim Heckenfest des NSSC"},"content":{"rendered":"\n<p>Einmal im Jahr l\u00e4dt der NSSC seine Mitglieder und Freunde zum traditionellen Heckenfest auf den clubeigenen Platz am Steg 4 ein. Die Veranstaltung geh\u00f6rt seit langem zu den H\u00f6hepunkten im Vereinskalender \u2013 und auch in diesem Jahr kamen zahlreiche Segelbegeisterte zusammen, um einen geselligen Sommerabend miteinander zu verbringen.<\/p>\n\n\n\n<p>Wie gewohnt sorgten engagierte Helferinnen und Helfer f\u00fcr ein stimmungsvolles Fest. Vom professionellen Zapfen am Bierfass \u00fcber leckere Grillspezialit\u00e4ten bis hin zur herzlichen Bewirtung an der Theke: Viele Clubmitglieder trugen mit ihrem Einsatz dazu bei, dass sich alle rundum wohlf\u00fchlten. In lockerer Atmosph\u00e4re wurde gekl\u00f6nt, gelacht und nat\u00fcrlich viel \u00fcber das gemeinsame Hobby gesprochen.<\/p>\n\n\n\n<p>Traditionell nutzt der Vorstand das Heckenfest auch, um neue Mitglieder willkommen zu hei\u00dfen oder langj\u00e4hrige Kameradinnen und Kameraden f\u00fcr ihre Treue und ihr Engagement zu ehren. F\u00fcr zus\u00e4tzliche Unterhaltung sorgen immer wieder kleine Programmpunkte \u2013 von am\u00fcsanten Vereinsgeschichten \u00fcber kreative Aktionen bis hin zu spontanen Einlagen. Das Heckenfest zeigt jedes Jahr aufs Neue, wie wichtig Gemeinschaft und Zusammenhalt im Verein sind. Ein herzlicher Dank gilt allen, die durch Vorbereitung, Aufbau, Organisation und Abbau zum Gelingen beitragen. Ohne diese Unterst\u00fctzung w\u00e4re ein solch sch\u00f6nes Fest nicht m\u00f6glich.<\/p>\n","protected":false},"excerpt":{"rendered":"<p>Einmal im Jahr l\u00e4dt der NSSC seine Mitglieder und Freunde zum traditionellen Heckenfest [&hellip;]<\/p>\n","protected":false},"author":1,"featured_media":321,"comment_status":"open","ping_status":"open","sticky":false,"template":"","format":"standard","meta":{"footnotes":""},"categories":[6],"tags":[],"class_list":["post-1351","post","type-post","status-publish","format-standard","has-post-thumbnail","hentry","category-allgemeineaktivit"],"_links":{"self":[{"href":"https:\/\/www.nsscev.de\/1\/wp-json\/wp\/v2\/posts\/1351","targetHints":{"allow":["GET"]}}],"collection":[{"href":"https:\/\/www.nsscev.de\/1\/wp-json\/wp\/v2\/posts"}],"about":[{"href":"https:\/\/www.nsscev.de\/1\/wp-json\/wp\/v2\/types\/post"}],"author":[{"embeddable":true,"href":"https:\/\/www.nsscev.de\/1\/wp-json\/wp\/v2\/users\/1"}],"replies":[{"embeddable":true,"href":"https:\/\/www.nsscev.de\/1\/wp-json\/wp\/v2\/comments?post=1351"}],"version-history":[{"count":1,"href":"https:\/\/www.nsscev.de\/1\/wp-json\/wp\/v2\/posts\/1351\/revisions"}],"predecessor-version":[{"id":1352,"href":"https:\/\/www.nsscev.de\/1\/wp-json\/wp\/v2\/posts\/1351\/revisions\/1352"}],"wp:featuredmedia":[{"embeddable":true,"href":"https:\/\/www.nsscev.de\/1\/wp-json\/wp\/v2\/media\/321"}],"wp:attachment":[{"href":"https:\/\/www.nsscev.de\/1\/wp-json\/wp\/v2\/media?parent=1351"}],"wp:term":[{"taxonomy":"category","embeddable":true,"href":"https:\/\/www.nsscev.de\/1\/wp-json\/wp\/v2\/categories?post=1351"},{"taxonomy":"post_tag","embeddable":true,"href":"https:\/\/www.nsscev.de\/1\/wp-json\/wp\/v2\/tags?post=1351"}],"curies":[{"name":"wp","href":"https:\/\/api.w.org\/{rel}","templated":true}]}}