{"id":1358,"date":"2026-01-21T14:25:58","date_gmt":"2026-01-21T13:25:58","guid":{"rendered":"https:\/\/www.nsscev.de\/1\/?p=1358"},"modified":"2026-01-21T14:25:58","modified_gmt":"2026-01-21T13:25:58","slug":"ansegeln-der-gemeinsame-start-in-die-segelsaison","status":"publish","type":"post","link":"https:\/\/www.nsscev.de\/1\/2026\/01\/21\/ansegeln-der-gemeinsame-start-in-die-segelsaison\/","title":{"rendered":"Ansegeln \u2013 Der gemeinsame Start in die Segelsaison"},"content":{"rendered":"\n<p>Mit dem Ansegeln er\u00f6ffnet der NSSC jedes Jahr offiziell die neue Segelsaison. Der Tag beginnt traditionell mit der Flaggenparade auf der Plattform im Hafen, bei der Vereinsflagge, Nationale und Gastflaggen gesetzt werden. Bei einem gemeinsamen Umtrunk w\u00fcnschen Vorstand und Fahrtenleitung einen guten Saisonstart und geben einen \u00dcberblick \u00fcber den Ablauf der ersten Vereinsausfahrt.<\/p>\n\n\n\n<p>Im Anschluss machen sich die teilnehmenden Boote auf den Weg zum jeweiligen Zielhafen, der je nach Bedingungen und Wasserstand variiert. In manchen Jahren geht es bei fr\u00fchsommerlichen Temperaturen entspannt \u00fcber den See, in anderen wird die Ausfahrt durch Flaute, kr\u00e4ftigen Wind oder Regen zu einer sportlichen Herausforderung. Doch gerade diese unterschiedlichen Bedingungen machen das Ansegeln zu einem besonderen Erlebnis und zeigen, wie vielf\u00e4ltig der Bodensee sein kann.<\/p>\n\n\n\n<p>Ob eine kleinere Gruppe oder eine gr\u00f6\u00dfere Flotte unterwegs ist \u2013 am Abend treffen sich die Mitglieder stets zu einem gemeinsamen Essen im Zielort. Dabei wird geplaudert, gelacht und dar\u00fcber gesprochen, was die neue Saison bringen soll. Diese gesellige Runde ist fester Bestandteil des Ansegelns und ein sch\u00f6ner Auftakt in das Clubjahr.<\/p>\n\n\n\n<p>Auch die R\u00fcckfahrt am Folgetag h\u00e4lt je nach Wetterlage neue Eindr\u00fccke bereit, doch in jedem Fall markiert das Ansegeln den offiziellen Beginn der Segelsaison und st\u00e4rkt das gemeinschaftliche Miteinander im Verein.<\/p>\n\n\n\n<p>Ein herzliches Dankesch\u00f6n an alle Teilnehmenden, die diese Tradition Jahr f\u00fcr Jahr unterst\u00fctzen und mit Leben f\u00fcllen!<\/p>\n","protected":false},"excerpt":{"rendered":"<p>Mit dem Ansegeln er\u00f6ffnet der NSSC jedes Jahr offiziell die neue Segelsaison. Der [&hellip;]<\/p>\n","protected":false},"author":1,"featured_media":1245,"comment_status":"open","ping_status":"open","sticky":false,"template":"","format":"standard","meta":{"footnotes":""},"categories":[6],"tags":[],"class_list":["post-1358","post","type-post","status-publish","format-standard","has-post-thumbnail","hentry","category-allgemeineaktivit"],"_links":{"self":[{"href":"https:\/\/www.nsscev.de\/1\/wp-json\/wp\/v2\/posts\/1358","targetHints":{"allow":["GET"]}}],"collection":[{"href":"https:\/\/www.nsscev.de\/1\/wp-json\/wp\/v2\/posts"}],"about":[{"href":"https:\/\/www.nsscev.de\/1\/wp-json\/wp\/v2\/types\/post"}],"author":[{"embeddable":true,"href":"https:\/\/www.nsscev.de\/1\/wp-json\/wp\/v2\/users\/1"}],"replies":[{"embeddable":true,"href":"https:\/\/www.nsscev.de\/1\/wp-json\/wp\/v2\/comments?post=1358"}],"version-history":[{"count":1,"href":"https:\/\/www.nsscev.de\/1\/wp-json\/wp\/v2\/posts\/1358\/revisions"}],"predecessor-version":[{"id":1359,"href":"https:\/\/www.nsscev.de\/1\/wp-json\/wp\/v2\/posts\/1358\/revisions\/1359"}],"wp:featuredmedia":[{"embeddable":true,"href":"https:\/\/www.nsscev.de\/1\/wp-json\/wp\/v2\/media\/1245"}],"wp:attachment":[{"href":"https:\/\/www.nsscev.de\/1\/wp-json\/wp\/v2\/media?parent=1358"}],"wp:term":[{"taxonomy":"category","embeddable":true,"href":"https:\/\/www.nsscev.de\/1\/wp-json\/wp\/v2\/categories?post=1358"},{"taxonomy":"post_tag","embeddable":true,"href":"https:\/\/www.nsscev.de\/1\/wp-json\/wp\/v2\/tags?post=1358"}],"curies":[{"name":"wp","href":"https:\/\/api.w.org\/{rel}","templated":true}]}}