{"id":1360,"date":"2026-01-21T14:27:22","date_gmt":"2026-01-21T13:27:22","guid":{"rendered":"https:\/\/www.nsscev.de\/1\/?p=1360"},"modified":"2026-01-21T14:27:22","modified_gmt":"2026-01-21T13:27:22","slug":"arbeitsdienst-im-fruehjahr-vorbereitungen-fuer-die-neue-saison","status":"publish","type":"post","link":"https:\/\/www.nsscev.de\/1\/2026\/01\/21\/arbeitsdienst-im-fruehjahr-vorbereitungen-fuer-die-neue-saison\/","title":{"rendered":"Arbeitsdienst im Fr\u00fchjahr \u2013 Vorbereitungen f\u00fcr die neue Saison"},"content":{"rendered":"\n<p>Wie in jedem Jahr l\u00e4dt der NSSC e.V. im Fr\u00fchjahr seine Mitglieder zum traditionellen Arbeitsdienst ein. Dieser gemeinsame Einsatztag ist ein fester Bestandteil des Vereinslebens und markiert den praktischen Start in die neue Segelsaison. Je nach Wetterlage \u2013 von strahlendem Sonnenschein bis hin zu \u201ereichlich Nass von oben\u201c \u2013 treffen sich zahlreiche Helferinnen und Helfer, um Heckenplatz und Club-Plattform f\u00fcr die kommenden Monate herzurichten.<\/p>\n\n\n\n<p>Im Mittelpunkt stehen dabei routinierte Arbeiten wie das Aufspannen der gro\u00dfen Plane \u00fcber dem Heckenplatz, das Befestigen der Clubflaggen sowie das Montieren von Tischen und B\u00e4nken auf der Plattform. Auch Laub wird entfernt, B\u00fcsche werden zur\u00fcckgeschnitten und kleinere Reparaturen erledigt. Immer wieder fallen zus\u00e4tzliche Aufgaben an: vom Verst\u00e4rken und Erneuern der Holzkisten und Unterkonstruktionen \u00fcber das Aufstellen neuer Metallboxen bis hin zur Sanierung oder dem Austausch von Takelmast oder Badeleiter. In einzelnen Jahren wurden sogar Abschnitte der Plattformumrandung erneuert.<\/p>\n\n\n\n<p>Der Arbeitsdienst lebt vor allem vom Engagement der vielen freiwilligen Vereinsmitglieder. Dank ihrer Unterst\u00fctzung l\u00e4sst sich selbst ein umfangreicher Aufgabenplan schnell bew\u00e4ltigen \u2013 bei sch\u00f6nem Wetter mit viel Freude, bei Regen mit dem Motto: \u201eEs gibt kein schlechtes Wetter, nur schlechte Kleidung.\u201c<\/p>\n\n\n\n<p>Traditionell endet der Einsatztag in der Fischerh\u00fctte, wo sich alle Helferinnen und Helfer bei einem gemeinsamen Essen st\u00e4rken und den gelungenen Saisonauftakt feiern. Mit dem Arbeitsdienst sind Heckenplatz und Plattform bereit f\u00fcr gem\u00fctliche Treffen, Grillabende und nat\u00fcrlich f\u00fcr die offizielle Er\u00f6ffnung der Segelsaison mit Flaggenparade und Ansegeln.<\/p>\n\n\n\n<p>Ein herzliches Dankesch\u00f6n an alle, die jedes Jahr mit anpacken und den Start in die Saison m\u00f6glich machen!<\/p>\n","protected":false},"excerpt":{"rendered":"<p>Wie in jedem Jahr l\u00e4dt der NSSC e.V. im Fr\u00fchjahr seine Mitglieder zum [&hellip;]<\/p>\n","protected":false},"author":1,"featured_media":1135,"comment_status":"open","ping_status":"open","sticky":false,"template":"","format":"standard","meta":{"footnotes":""},"categories":[6],"tags":[],"class_list":["post-1360","post","type-post","status-publish","format-standard","has-post-thumbnail","hentry","category-allgemeineaktivit"],"_links":{"self":[{"href":"https:\/\/www.nsscev.de\/1\/wp-json\/wp\/v2\/posts\/1360","targetHints":{"allow":["GET"]}}],"collection":[{"href":"https:\/\/www.nsscev.de\/1\/wp-json\/wp\/v2\/posts"}],"about":[{"href":"https:\/\/www.nsscev.de\/1\/wp-json\/wp\/v2\/types\/post"}],"author":[{"embeddable":true,"href":"https:\/\/www.nsscev.de\/1\/wp-json\/wp\/v2\/users\/1"}],"replies":[{"embeddable":true,"href":"https:\/\/www.nsscev.de\/1\/wp-json\/wp\/v2\/comments?post=1360"}],"version-history":[{"count":1,"href":"https:\/\/www.nsscev.de\/1\/wp-json\/wp\/v2\/posts\/1360\/revisions"}],"predecessor-version":[{"id":1361,"href":"https:\/\/www.nsscev.de\/1\/wp-json\/wp\/v2\/posts\/1360\/revisions\/1361"}],"wp:featuredmedia":[{"embeddable":true,"href":"https:\/\/www.nsscev.de\/1\/wp-json\/wp\/v2\/media\/1135"}],"wp:attachment":[{"href":"https:\/\/www.nsscev.de\/1\/wp-json\/wp\/v2\/media?parent=1360"}],"wp:term":[{"taxonomy":"category","embeddable":true,"href":"https:\/\/www.nsscev.de\/1\/wp-json\/wp\/v2\/categories?post=1360"},{"taxonomy":"post_tag","embeddable":true,"href":"https:\/\/www.nsscev.de\/1\/wp-json\/wp\/v2\/tags?post=1360"}],"curies":[{"name":"wp","href":"https:\/\/api.w.org\/{rel}","templated":true}]}}